{"id":10709,"date":"2024-02-04T11:02:29","date_gmt":"2024-02-04T10:02:29","guid":{"rendered":"https:\/\/www.byggdagboken.se\/2024\/02\/04\/moed-byggdagbokens-nye-udviklingschef\/"},"modified":"2026-04-27T07:07:55","modified_gmt":"2026-04-27T05:07:55","slug":"moed-byggdagbokens-nye-udviklingschef","status":"publish","type":"post","link":"https:\/\/www.byggdagboken.se\/da\/2024\/02\/04\/moed-byggdagbokens-nye-udviklingschef\/","title":{"rendered":"M\u00f8d Byggdagbokens nye udviklingschef"},"content":{"rendered":"\n<p><strong>Hej Mattias Tysk, hvad gjorde dig interesseret i rollen som vores nye CTO\/udviklingschef?<\/strong><br\/>\u2013 For ca. tre \u00e5r siden flyttede jeg med kone og b\u00f8rn op til Ljusdal fra Stockholm. Jeg fik hurtigt en st\u00e6rk f\u00f8lelse af f\u00e6llesskab ved at bo i en mindre by og et \u00f8nske om at give noget tilbage. S\u00e5 da Christian Jonsson og Mattias Blom kontaktede mig om, at der findes en tech-virksomhed med hoveds\u00e6de i Ljusdal, med n\u00e6sten urimeligt h\u00f8je ambitioner. Ja, s\u00e5 var jeg bare n\u00f8dt til at give det et fors\u00f8g. Udfordringen og ambitionerne ligger perfekt i tr\u00e5d med mine personlige m\u00e5l og udviklingsomr\u00e5der. Nu h\u00e5ber jeg at kunne vokse selv, samtidig med at jeg hj\u00e6lper med at l\u00f8fte Byggdagboken. <\/p>\n\n<p><strong>Hvad har du lavet tidligere i din karriere?<\/strong><\/p>\n\n<p>\u2013 IT og teknologi har altid v\u00e6ret en passion for mig. Samtidig elsker jeg at arbejde med mennesker, s\u00e5 det var naturligt at give sig i kast med opgaver, der kombinerer disse. De seneste 7-9 \u00e5r har jeg arbejdet som teknisk leder med personaleansvar inden for FinTech, bank og mediestreaming og haft ansvaret for systemer med ekstremt mange brugere. Meget fokus har ligget p\u00e5 at f\u00e5 udviklere og udviklingsteams til at vokse, samtidig med at vi bygger skalerbare, effektive og b\u00e6redygtige l\u00f8sninger til vores brugere. <\/p>\n\n<p><strong>Hvad kan vores kunder og brugere forvente, n\u00e5r du nu tr\u00e6der ind i vores udvikling?<\/strong><\/p>\n\n<p>\u2013 Til at begynde med kan de forvente, at jeg l\u00e6rer meget. Det er en ny branche for mig med rigtig mange unikke m\u00e5der at arbejde p\u00e5. Med tiden vil jeg forst\u00e5, hvor vi er, og hvordan vi kom hertil, for senere at kunne drive forandring fremad. Jeg vil bygge en organisation, man kan stole p\u00e5 i kvalitet, kompetence og hastighed. <br\/><br\/><strong>Tak Mattias, s\u00e5 er der kun tilbage at \u00f8nske dig hjerteligt velkommen til Byggdagboken!<\/strong><br\/>\u2013 Tak, det her bliver rigtig sjovt og sp\u00e6ndende!<br\/><br\/>&#8212;&#8212;&#8212;&#8212;&#8212;&#8212;&#8212;&#8212;&#8212;&#8212;&#8212;&#8212;&#8212;&#8212;&#8212;-<\/p>\n\n<p> <br\/><strong>Byggdagbokens CEO, Christian Jonsson er meget tilfreds med rekrutteringen af Mattias Tysk<\/strong>. \u2013 Det her er et vigtigt og helt rigtigt skridt i vores fortsatte udvikling. I vores ambitioner om at blive markedsledende inden for digitale projektv\u00e6rkt\u00f8jer rettet mod byggebranchen, vil Mattias v\u00e6re en meget vigtig spiller.<\/p>\n","protected":false},"excerpt":{"rendered":"<p>Hej Mattias Tysk, hvad gjorde dig interesseret i rollen som vores nye CTO\/udviklingschef?\u2013 For ca. tre \u00e5r siden flyttede jeg med kone og b\u00f8rn op til Ljusdal fra Stockholm. Jeg fik hurtigt en st\u00e6rk f\u00f8lelse af f\u00e6llesskab ved at bo i en mindre by og et \u00f8nske om at give noget tilbage. S\u00e5 da Christian [&hellip;]<\/p>\n","protected":false},"author":1,"featured_media":10710,"comment_status":"closed","ping_status":"closed","sticky":false,"template":"","format":"standard","meta":{"_acf_changed":false,"footnotes":""},"categories":[119],"tags":[],"class_list":["post-10709","post","type-post","status-publish","format-standard","has-post-thumbnail","hentry","category-nyheder"],"acf":[],"yoast_head":"<!-- This site is optimized with the Yoast SEO plugin v27.4 - https:\/\/yoast.com\/product\/yoast-seo-wordpress\/ -->\n<title>M\u00f8d Byggdagbokens nye udviklingschef - Byggdagboken<\/title>\n<meta name=\"robots\" content=\"index, follow, max-snippet:-1, max-image-preview:large, max-video-preview:-1\" \/>\n<link rel=\"canonical\" href=\"https:\/\/www.byggdagboken.se\/da\/2024\/02\/04\/moed-byggdagbokens-nye-udviklingschef\/\" \/>\n<meta property=\"og:locale\" content=\"da_DK\" \/>\n<meta property=\"og:type\" content=\"article\" \/>\n<meta property=\"og:title\" content=\"M\u00f8d Byggdagbokens nye udviklingschef - Byggdagboken\" \/>\n<meta property=\"og:description\" content=\"Hej Mattias Tysk, hvad gjorde dig interesseret i rollen som vores nye CTO\/udviklingschef?\u2013 For ca. tre \u00e5r siden flyttede jeg med kone og b\u00f8rn op til Ljusdal fra Stockholm. Jeg fik hurtigt en st\u00e6rk f\u00f8lelse af f\u00e6llesskab ved at bo i en mindre by og et \u00f8nske om at give noget tilbage. S\u00e5 da Christian [&hellip;]\" \/>\n<meta property=\"og:url\" content=\"https:\/\/www.byggdagboken.se\/da\/2024\/02\/04\/moed-byggdagbokens-nye-udviklingschef\/\" \/>\n<meta property=\"og:site_name\" content=\"Byggdagboken\" \/>\n<meta property=\"article:published_time\" content=\"2024-02-04T10:02:29+00:00\" \/>\n<meta property=\"article:modified_time\" content=\"2026-04-27T05:07:55+00:00\" \/>\n<meta property=\"og:image\" content=\"https:\/\/www.byggdagboken.se\/wp-content\/uploads\/2024\/02\/Byggdagboken_Valkommen_Mattias_1080x1080px_TOM.png\" \/>\n\t<meta property=\"og:image:width\" content=\"960\" \/>\n\t<meta property=\"og:image:height\" content=\"960\" \/>\n\t<meta property=\"og:image:type\" content=\"image\/png\" \/>\n<meta name=\"author\" content=\"skoglit\" \/>\n<meta name=\"twitter:card\" content=\"summary_large_image\" \/>\n<meta name=\"twitter:label1\" content=\"Skrevet af\" \/>\n\t<meta name=\"twitter:data1\" content=\"skoglit\" \/>\n\t<meta name=\"twitter:label2\" content=\"Estimeret l\u00e6setid\" \/>\n\t<meta name=\"twitter:data2\" content=\"2 minutter\" \/>\n<script type=\"application\/ld+json\" class=\"yoast-schema-graph\">{\"@context\":\"https:\\\/\\\/schema.org\",\"@graph\":[{\"@type\":\"Article\",\"@id\":\"https:\\\/\\\/www.byggdagboken.se\\\/da\\\/2024\\\/02\\\/04\\\/moed-byggdagbokens-nye-udviklingschef\\\/#article\",\"isPartOf\":{\"@id\":\"https:\\\/\\\/www.byggdagboken.se\\\/da\\\/2024\\\/02\\\/04\\\/moed-byggdagbokens-nye-udviklingschef\\\/\"},\"author\":{\"name\":\"skoglit\",\"@id\":\"https:\\\/\\\/www.byggdagboken.se\\\/da\\\/#\\\/schema\\\/person\\\/664d5cde37726b3fe4ba8648db22e8c0\"},\"headline\":\"M\u00f8d Byggdagbokens nye udviklingschef\",\"datePublished\":\"2024-02-04T10:02:29+00:00\",\"dateModified\":\"2026-04-27T05:07:55+00:00\",\"mainEntityOfPage\":{\"@id\":\"https:\\\/\\\/www.byggdagboken.se\\\/da\\\/2024\\\/02\\\/04\\\/moed-byggdagbokens-nye-udviklingschef\\\/\"},\"wordCount\":385,\"publisher\":{\"@id\":\"https:\\\/\\\/www.byggdagboken.se\\\/da\\\/#organization\"},\"image\":{\"@id\":\"https:\\\/\\\/www.byggdagboken.se\\\/da\\\/2024\\\/02\\\/04\\\/moed-byggdagbokens-nye-udviklingschef\\\/#primaryimage\"},\"thumbnailUrl\":\"https:\\\/\\\/www.byggdagboken.se\\\/wp-content\\\/uploads\\\/2024\\\/02\\\/Byggdagboken_Valkommen_Mattias_1080x1080px_TOM.png\",\"articleSection\":[\"Nyheder\"],\"inLanguage\":\"da-DK\"},{\"@type\":\"WebPage\",\"@id\":\"https:\\\/\\\/www.byggdagboken.se\\\/da\\\/2024\\\/02\\\/04\\\/moed-byggdagbokens-nye-udviklingschef\\\/\",\"url\":\"https:\\\/\\\/www.byggdagboken.se\\\/da\\\/2024\\\/02\\\/04\\\/moed-byggdagbokens-nye-udviklingschef\\\/\",\"name\":\"M\u00f8d Byggdagbokens nye udviklingschef - Byggdagboken\",\"isPartOf\":{\"@id\":\"https:\\\/\\\/www.byggdagboken.se\\\/da\\\/#website\"},\"primaryImageOfPage\":{\"@id\":\"https:\\\/\\\/www.byggdagboken.se\\\/da\\\/2024\\\/02\\\/04\\\/moed-byggdagbokens-nye-udviklingschef\\\/#primaryimage\"},\"image\":{\"@id\":\"https:\\\/\\\/www.byggdagboken.se\\\/da\\\/2024\\\/02\\\/04\\\/moed-byggdagbokens-nye-udviklingschef\\\/#primaryimage\"},\"thumbnailUrl\":\"https:\\\/\\\/www.byggdagboken.se\\\/wp-content\\\/uploads\\\/2024\\\/02\\\/Byggdagboken_Valkommen_Mattias_1080x1080px_TOM.png\",\"datePublished\":\"2024-02-04T10:02:29+00:00\",\"dateModified\":\"2026-04-27T05:07:55+00:00\",\"breadcrumb\":{\"@id\":\"https:\\\/\\\/www.byggdagboken.se\\\/da\\\/2024\\\/02\\\/04\\\/moed-byggdagbokens-nye-udviklingschef\\\/#breadcrumb\"},\"inLanguage\":\"da-DK\",\"potentialAction\":[{\"@type\":\"ReadAction\",\"target\":[\"https:\\\/\\\/www.byggdagboken.se\\\/da\\\/2024\\\/02\\\/04\\\/moed-byggdagbokens-nye-udviklingschef\\\/\"]}]},{\"@type\":\"ImageObject\",\"inLanguage\":\"da-DK\",\"@id\":\"https:\\\/\\\/www.byggdagboken.se\\\/da\\\/2024\\\/02\\\/04\\\/moed-byggdagbokens-nye-udviklingschef\\\/#primaryimage\",\"url\":\"https:\\\/\\\/www.byggdagboken.se\\\/wp-content\\\/uploads\\\/2024\\\/02\\\/Byggdagboken_Valkommen_Mattias_1080x1080px_TOM.png\",\"contentUrl\":\"https:\\\/\\\/www.byggdagboken.se\\\/wp-content\\\/uploads\\\/2024\\\/02\\\/Byggdagboken_Valkommen_Mattias_1080x1080px_TOM.png\",\"width\":960,\"height\":960},{\"@type\":\"BreadcrumbList\",\"@id\":\"https:\\\/\\\/www.byggdagboken.se\\\/da\\\/2024\\\/02\\\/04\\\/moed-byggdagbokens-nye-udviklingschef\\\/#breadcrumb\",\"itemListElement\":[{\"@type\":\"ListItem\",\"position\":1,\"name\":\"Hem\",\"item\":\"https:\\\/\\\/www.byggdagboken.se\\\/da\\\/forside\\\/\"},{\"@type\":\"ListItem\",\"position\":2,\"name\":\"M\u00f8d Byggdagbokens nye udviklingschef\"}]},{\"@type\":\"WebSite\",\"@id\":\"https:\\\/\\\/www.byggdagboken.se\\\/da\\\/#website\",\"url\":\"https:\\\/\\\/www.byggdagboken.se\\\/da\\\/\",\"name\":\"Byggdagboken\",\"description\":\"Koll med ett klick\",\"publisher\":{\"@id\":\"https:\\\/\\\/www.byggdagboken.se\\\/da\\\/#organization\"},\"potentialAction\":[{\"@type\":\"SearchAction\",\"target\":{\"@type\":\"EntryPoint\",\"urlTemplate\":\"https:\\\/\\\/www.byggdagboken.se\\\/da\\\/?s={search_term_string}\"},\"query-input\":{\"@type\":\"PropertyValueSpecification\",\"valueRequired\":true,\"valueName\":\"search_term_string\"}}],\"inLanguage\":\"da-DK\"},{\"@type\":\"Organization\",\"@id\":\"https:\\\/\\\/www.byggdagboken.se\\\/da\\\/#organization\",\"name\":\"Byggdagboken\",\"url\":\"https:\\\/\\\/www.byggdagboken.se\\\/da\\\/\",\"logo\":{\"@type\":\"ImageObject\",\"inLanguage\":\"da-DK\",\"@id\":\"https:\\\/\\\/www.byggdagboken.se\\\/da\\\/#\\\/schema\\\/logo\\\/image\\\/\",\"url\":\"https:\\\/\\\/www.byggdagboken.se\\\/wp-content\\\/uploads\\\/2025\\\/05\\\/Byggdagboken_Liggande_Shop-1.svg\",\"contentUrl\":\"https:\\\/\\\/www.byggdagboken.se\\\/wp-content\\\/uploads\\\/2025\\\/05\\\/Byggdagboken_Liggande_Shop-1.svg\",\"width\":606,\"height\":179,\"caption\":\"Byggdagboken\"},\"image\":{\"@id\":\"https:\\\/\\\/www.byggdagboken.se\\\/da\\\/#\\\/schema\\\/logo\\\/image\\\/\"}},{\"@type\":\"Person\",\"@id\":\"https:\\\/\\\/www.byggdagboken.se\\\/da\\\/#\\\/schema\\\/person\\\/664d5cde37726b3fe4ba8648db22e8c0\",\"name\":\"skoglit\",\"image\":{\"@type\":\"ImageObject\",\"inLanguage\":\"da-DK\",\"@id\":\"https:\\\/\\\/secure.gravatar.com\\\/avatar\\\/68381ba1d1aaa126fd26c2497f4cbdf20511abdd2dfdb4ea558a6a0dbc3fed7e?s=96&d=mm&r=g\",\"url\":\"https:\\\/\\\/secure.gravatar.com\\\/avatar\\\/68381ba1d1aaa126fd26c2497f4cbdf20511abdd2dfdb4ea558a6a0dbc3fed7e?s=96&d=mm&r=g\",\"contentUrl\":\"https:\\\/\\\/secure.gravatar.com\\\/avatar\\\/68381ba1d1aaa126fd26c2497f4cbdf20511abdd2dfdb4ea558a6a0dbc3fed7e?s=96&d=mm&r=g\",\"caption\":\"skoglit\"},\"sameAs\":[\"http:\\\/\\\/34.254.254.108\"]}]}<\/script>\n<!-- \/ Yoast SEO plugin. -->","yoast_head_json":{"title":"M\u00f8d Byggdagbokens nye udviklingschef - Byggdagboken","robots":{"index":"index","follow":"follow","max-snippet":"max-snippet:-1","max-image-preview":"max-image-preview:large","max-video-preview":"max-video-preview:-1"},"canonical":"https:\/\/www.byggdagboken.se\/da\/2024\/02\/04\/moed-byggdagbokens-nye-udviklingschef\/","og_locale":"da_DK","og_type":"article","og_title":"M\u00f8d Byggdagbokens nye udviklingschef - Byggdagboken","og_description":"Hej Mattias Tysk, hvad gjorde dig interesseret i rollen som vores nye CTO\/udviklingschef?\u2013 For ca. tre \u00e5r siden flyttede jeg med kone og b\u00f8rn op til Ljusdal fra Stockholm. Jeg fik hurtigt en st\u00e6rk f\u00f8lelse af f\u00e6llesskab ved at bo i en mindre by og et \u00f8nske om at give noget tilbage. S\u00e5 da Christian [&hellip;]","og_url":"https:\/\/www.byggdagboken.se\/da\/2024\/02\/04\/moed-byggdagbokens-nye-udviklingschef\/","og_site_name":"Byggdagboken","article_published_time":"2024-02-04T10:02:29+00:00","article_modified_time":"2026-04-27T05:07:55+00:00","og_image":[{"width":960,"height":960,"url":"https:\/\/www.byggdagboken.se\/wp-content\/uploads\/2024\/02\/Byggdagboken_Valkommen_Mattias_1080x1080px_TOM.png","type":"image\/png"}],"author":"skoglit","twitter_card":"summary_large_image","twitter_misc":{"Skrevet af":"skoglit","Estimeret l\u00e6setid":"2 minutter"},"schema":{"@context":"https:\/\/schema.org","@graph":[{"@type":"Article","@id":"https:\/\/www.byggdagboken.se\/da\/2024\/02\/04\/moed-byggdagbokens-nye-udviklingschef\/#article","isPartOf":{"@id":"https:\/\/www.byggdagboken.se\/da\/2024\/02\/04\/moed-byggdagbokens-nye-udviklingschef\/"},"author":{"name":"skoglit","@id":"https:\/\/www.byggdagboken.se\/da\/#\/schema\/person\/664d5cde37726b3fe4ba8648db22e8c0"},"headline":"M\u00f8d Byggdagbokens nye udviklingschef","datePublished":"2024-02-04T10:02:29+00:00","dateModified":"2026-04-27T05:07:55+00:00","mainEntityOfPage":{"@id":"https:\/\/www.byggdagboken.se\/da\/2024\/02\/04\/moed-byggdagbokens-nye-udviklingschef\/"},"wordCount":385,"publisher":{"@id":"https:\/\/www.byggdagboken.se\/da\/#organization"},"image":{"@id":"https:\/\/www.byggdagboken.se\/da\/2024\/02\/04\/moed-byggdagbokens-nye-udviklingschef\/#primaryimage"},"thumbnailUrl":"https:\/\/www.byggdagboken.se\/wp-content\/uploads\/2024\/02\/Byggdagboken_Valkommen_Mattias_1080x1080px_TOM.png","articleSection":["Nyheder"],"inLanguage":"da-DK"},{"@type":"WebPage","@id":"https:\/\/www.byggdagboken.se\/da\/2024\/02\/04\/moed-byggdagbokens-nye-udviklingschef\/","url":"https:\/\/www.byggdagboken.se\/da\/2024\/02\/04\/moed-byggdagbokens-nye-udviklingschef\/","name":"M\u00f8d Byggdagbokens nye udviklingschef - Byggdagboken","isPartOf":{"@id":"https:\/\/www.byggdagboken.se\/da\/#website"},"primaryImageOfPage":{"@id":"https:\/\/www.byggdagboken.se\/da\/2024\/02\/04\/moed-byggdagbokens-nye-udviklingschef\/#primaryimage"},"image":{"@id":"https:\/\/www.byggdagboken.se\/da\/2024\/02\/04\/moed-byggdagbokens-nye-udviklingschef\/#primaryimage"},"thumbnailUrl":"https:\/\/www.byggdagboken.se\/wp-content\/uploads\/2024\/02\/Byggdagboken_Valkommen_Mattias_1080x1080px_TOM.png","datePublished":"2024-02-04T10:02:29+00:00","dateModified":"2026-04-27T05:07:55+00:00","breadcrumb":{"@id":"https:\/\/www.byggdagboken.se\/da\/2024\/02\/04\/moed-byggdagbokens-nye-udviklingschef\/#breadcrumb"},"inLanguage":"da-DK","potentialAction":[{"@type":"ReadAction","target":["https:\/\/www.byggdagboken.se\/da\/2024\/02\/04\/moed-byggdagbokens-nye-udviklingschef\/"]}]},{"@type":"ImageObject","inLanguage":"da-DK","@id":"https:\/\/www.byggdagboken.se\/da\/2024\/02\/04\/moed-byggdagbokens-nye-udviklingschef\/#primaryimage","url":"https:\/\/www.byggdagboken.se\/wp-content\/uploads\/2024\/02\/Byggdagboken_Valkommen_Mattias_1080x1080px_TOM.png","contentUrl":"https:\/\/www.byggdagboken.se\/wp-content\/uploads\/2024\/02\/Byggdagboken_Valkommen_Mattias_1080x1080px_TOM.png","width":960,"height":960},{"@type":"BreadcrumbList","@id":"https:\/\/www.byggdagboken.se\/da\/2024\/02\/04\/moed-byggdagbokens-nye-udviklingschef\/#breadcrumb","itemListElement":[{"@type":"ListItem","position":1,"name":"Hem","item":"https:\/\/www.byggdagboken.se\/da\/forside\/"},{"@type":"ListItem","position":2,"name":"M\u00f8d Byggdagbokens nye udviklingschef"}]},{"@type":"WebSite","@id":"https:\/\/www.byggdagboken.se\/da\/#website","url":"https:\/\/www.byggdagboken.se\/da\/","name":"Byggdagboken","description":"Koll med ett klick","publisher":{"@id":"https:\/\/www.byggdagboken.se\/da\/#organization"},"potentialAction":[{"@type":"SearchAction","target":{"@type":"EntryPoint","urlTemplate":"https:\/\/www.byggdagboken.se\/da\/?s={search_term_string}"},"query-input":{"@type":"PropertyValueSpecification","valueRequired":true,"valueName":"search_term_string"}}],"inLanguage":"da-DK"},{"@type":"Organization","@id":"https:\/\/www.byggdagboken.se\/da\/#organization","name":"Byggdagboken","url":"https:\/\/www.byggdagboken.se\/da\/","logo":{"@type":"ImageObject","inLanguage":"da-DK","@id":"https:\/\/www.byggdagboken.se\/da\/#\/schema\/logo\/image\/","url":"https:\/\/www.byggdagboken.se\/wp-content\/uploads\/2025\/05\/Byggdagboken_Liggande_Shop-1.svg","contentUrl":"https:\/\/www.byggdagboken.se\/wp-content\/uploads\/2025\/05\/Byggdagboken_Liggande_Shop-1.svg","width":606,"height":179,"caption":"Byggdagboken"},"image":{"@id":"https:\/\/www.byggdagboken.se\/da\/#\/schema\/logo\/image\/"}},{"@type":"Person","@id":"https:\/\/www.byggdagboken.se\/da\/#\/schema\/person\/664d5cde37726b3fe4ba8648db22e8c0","name":"skoglit","image":{"@type":"ImageObject","inLanguage":"da-DK","@id":"https:\/\/secure.gravatar.com\/avatar\/68381ba1d1aaa126fd26c2497f4cbdf20511abdd2dfdb4ea558a6a0dbc3fed7e?s=96&d=mm&r=g","url":"https:\/\/secure.gravatar.com\/avatar\/68381ba1d1aaa126fd26c2497f4cbdf20511abdd2dfdb4ea558a6a0dbc3fed7e?s=96&d=mm&r=g","contentUrl":"https:\/\/secure.gravatar.com\/avatar\/68381ba1d1aaa126fd26c2497f4cbdf20511abdd2dfdb4ea558a6a0dbc3fed7e?s=96&d=mm&r=g","caption":"skoglit"},"sameAs":["http:\/\/34.254.254.108"]}]}},"_links":{"self":[{"href":"https:\/\/www.byggdagboken.se\/da\/wp-json\/wp\/v2\/posts\/10709","targetHints":{"allow":["GET"]}}],"collection":[{"href":"https:\/\/www.byggdagboken.se\/da\/wp-json\/wp\/v2\/posts"}],"about":[{"href":"https:\/\/www.byggdagboken.se\/da\/wp-json\/wp\/v2\/types\/post"}],"author":[{"embeddable":true,"href":"https:\/\/www.byggdagboken.se\/da\/wp-json\/wp\/v2\/users\/1"}],"replies":[{"embeddable":true,"href":"https:\/\/www.byggdagboken.se\/da\/wp-json\/wp\/v2\/comments?post=10709"}],"version-history":[{"count":1,"href":"https:\/\/www.byggdagboken.se\/da\/wp-json\/wp\/v2\/posts\/10709\/revisions"}],"predecessor-version":[{"id":10711,"href":"https:\/\/www.byggdagboken.se\/da\/wp-json\/wp\/v2\/posts\/10709\/revisions\/10711"}],"wp:featuredmedia":[{"embeddable":true,"href":"https:\/\/www.byggdagboken.se\/da\/wp-json\/wp\/v2\/media\/10710"}],"wp:attachment":[{"href":"https:\/\/www.byggdagboken.se\/da\/wp-json\/wp\/v2\/media?parent=10709"}],"wp:term":[{"taxonomy":"category","embeddable":true,"href":"https:\/\/www.byggdagboken.se\/da\/wp-json\/wp\/v2\/categories?post=10709"},{"taxonomy":"post_tag","embeddable":true,"href":"https:\/\/www.byggdagboken.se\/da\/wp-json\/wp\/v2\/tags?post=10709"}],"curies":[{"name":"wp","href":"https:\/\/api.w.org\/{rel}","templated":true}]}}