{"id":11045,"date":"2024-02-04T11:02:29","date_gmt":"2024-02-04T10:02:29","guid":{"rendered":"https:\/\/www.byggdagboken.se\/2024\/02\/04\/mot-byggdagbokens-nye-utviklingsleder\/"},"modified":"2026-04-30T11:38:46","modified_gmt":"2026-04-30T09:38:46","slug":"mot-byggdagbokens-nye-utviklingsleder","status":"publish","type":"post","link":"https:\/\/www.byggdagboken.se\/no\/2024\/02\/04\/mot-byggdagbokens-nye-utviklingsleder\/","title":{"rendered":"M\u00f8t Byggdagbokens nye utviklingsleder"},"content":{"rendered":"\n<p><strong>Hei Mattias Tysk, hva gjorde deg interessert i rollen som v\u00e5r nye CTO\/utviklingsleder?<\/strong><br\/>\u2013 For ca. tre \u00e5r siden flyttet jeg med kone og barn opp til Ljusdal fra Stockholm. Jeg fikk raskt en sterk f\u00f8lelse av fellesskap ved \u00e5 bo i en mindre by og et \u00f8nske om \u00e5 gi noe tilbake. S\u00e5 da Christian Jonsson og Mattias Blom tok kontakt om at det finnes et tech-selskap med hovedkontor i Ljusdal, med nesten urimelig h\u00f8ye ambisjoner. Ja, da m\u00e5tte jeg bare gi det et fors\u00f8k. Utfordringen og ambisjonene ligger perfekt i tr\u00e5d med mine personlige m\u00e5l og vekstomr\u00e5der. N\u00e5 h\u00e5per jeg \u00e5 kunne vokse selv samtidig som jeg bidrar til \u00e5 l\u00f8fte Byggdagboken.      <\/p>\n\n<p><strong>Hva har du gjort tidligere i karrieren din?<\/strong><\/p>\n\n<p>\u2013 IT og teknologi har alltid v\u00e6rt en lidenskap for meg. Samtidig elsker jeg \u00e5 jobbe med mennesker, s\u00e5 det var naturlig \u00e5 g\u00e5 inn i oppdrag som kombinerer disse. De siste 7\u20139 \u00e5rene har jeg jobbet som teknisk leder med personalansvar innen FinTech, bank og mediestreaming og hatt ansvar for systemer med ekstremt mange brukere. Mye fokus har ligget p\u00e5 \u00e5 f\u00e5 utviklere og utviklingsteam til \u00e5 vokse samtidig som vi bygger skalerbare, effektive og b\u00e6rekraftige l\u00f8sninger for v\u00e5re brukere.    <\/p>\n\n<p><strong>Hva kan v\u00e5re kunder og brukere forvente n\u00e5r du n\u00e5 g\u00e5r inn i v\u00e5r utvikling?<\/strong><\/p>\n\n<p>\u2013 Til \u00e5 begynne med kan de forvente at jeg l\u00e6rer mye. Det er en ny bransje for meg med veldig mange unike m\u00e5ter \u00e5 jobbe p\u00e5. Med tiden vil jeg forst\u00e5 hvor vi er og hvordan vi kom hit, for senere \u00e5 kunne drive endring fremover. Jeg \u00f8nsker \u00e5 bygge en organisasjon man kan stole p\u00e5 n\u00e5r det gjelder kvalitet, kompetanse og hastighet.    <br\/><br\/><strong>Takk Mattias, da gjenst\u00e5r det bare \u00e5 \u00f8nske deg hjertelig velkommen til Byggdagboken!<\/strong><br\/>\u2013 Takk, dette kommer til \u00e5 bli veldig g\u00f8y og spennende!<br\/><br\/>&#8212;&#8212;&#8212;&#8212;&#8212;&#8212;&#8212;&#8212;&#8212;&#8212;&#8212;&#8212;&#8212;&#8212;&#8212;-<\/p>\n\n<p> <br\/><strong>Byggdagbokens administrerende direkt\u00f8r, Christian Jonsson er sv\u00e6rt forn\u00f8yd med rekrutteringen av Mattias Tysk<\/strong>. \u2013 Dette er et viktig og helt riktig steg i v\u00e5r videre utvikling. I v\u00e5re ambisjoner om \u00e5 bli markedsledende innen digitale prosjektverkt\u00f8y rettet mot byggebransjen vil Mattias v\u00e6re en sv\u00e6rt viktig akt\u00f8r. <\/p>\n","protected":false},"excerpt":{"rendered":"<p>Hei Mattias Tysk, hva gjorde deg interessert i rollen som v\u00e5r nye CTO\/utviklingsleder?\u2013 For ca. tre \u00e5r siden flyttet jeg med kone og barn opp til Ljusdal fra Stockholm. Jeg fikk raskt en sterk f\u00f8lelse av fellesskap ved \u00e5 bo i en mindre by og et \u00f8nske om \u00e5 gi noe tilbake. S\u00e5 da Christian [&hellip;]<\/p>\n","protected":false},"author":1,"featured_media":11046,"comment_status":"closed","ping_status":"closed","sticky":false,"template":"","format":"standard","meta":{"_acf_changed":false,"footnotes":""},"categories":[125],"tags":[],"class_list":["post-11045","post","type-post","status-publish","format-standard","has-post-thumbnail","hentry","category-nyheter"],"acf":[],"yoast_head":"<!-- This site is optimized with the Yoast SEO plugin v27.5 - https:\/\/yoast.com\/product\/yoast-seo-wordpress\/ -->\n<title>M\u00f8t Byggdagbokens nye utviklingsleder - Byggdagboken<\/title>\n<meta name=\"robots\" content=\"index, follow, max-snippet:-1, max-image-preview:large, max-video-preview:-1\" \/>\n<link rel=\"canonical\" href=\"https:\/\/www.byggdagboken.se\/no\/2024\/02\/04\/mot-byggdagbokens-nye-utviklingsleder\/\" \/>\n<meta property=\"og:locale\" content=\"nb_NO\" \/>\n<meta property=\"og:type\" content=\"article\" \/>\n<meta property=\"og:title\" content=\"M\u00f8t Byggdagbokens nye utviklingsleder - Byggdagboken\" \/>\n<meta property=\"og:description\" content=\"Hei Mattias Tysk, hva gjorde deg interessert i rollen som v\u00e5r nye CTO\/utviklingsleder?\u2013 For ca. tre \u00e5r siden flyttet jeg med kone og barn opp til Ljusdal fra Stockholm. Jeg fikk raskt en sterk f\u00f8lelse av fellesskap ved \u00e5 bo i en mindre by og et \u00f8nske om \u00e5 gi noe tilbake. S\u00e5 da Christian [&hellip;]\" \/>\n<meta property=\"og:url\" content=\"https:\/\/www.byggdagboken.se\/no\/2024\/02\/04\/mot-byggdagbokens-nye-utviklingsleder\/\" \/>\n<meta property=\"og:site_name\" content=\"Byggdagboken\" \/>\n<meta property=\"article:published_time\" content=\"2024-02-04T10:02:29+00:00\" \/>\n<meta property=\"article:modified_time\" content=\"2026-04-30T09:38:46+00:00\" \/>\n<meta property=\"og:image\" content=\"https:\/\/www.byggdagboken.se\/wp-content\/uploads\/2024\/02\/Byggdagboken_Valkommen_Mattias_1080x1080px_TOM.png\" \/>\n\t<meta property=\"og:image:width\" content=\"960\" \/>\n\t<meta property=\"og:image:height\" content=\"960\" \/>\n\t<meta property=\"og:image:type\" content=\"image\/png\" \/>\n<meta name=\"author\" content=\"skoglit\" \/>\n<meta name=\"twitter:card\" content=\"summary_large_image\" \/>\n<meta name=\"twitter:label1\" content=\"Skrevet av\" \/>\n\t<meta name=\"twitter:data1\" content=\"skoglit\" \/>\n\t<meta name=\"twitter:label2\" content=\"Ansl. lesetid\" \/>\n\t<meta name=\"twitter:data2\" content=\"2 minutter\" \/>\n<script type=\"application\/ld+json\" class=\"yoast-schema-graph\">{\"@context\":\"https:\\\/\\\/schema.org\",\"@graph\":[{\"@type\":\"Article\",\"@id\":\"https:\\\/\\\/www.byggdagboken.se\\\/no\\\/2024\\\/02\\\/04\\\/mot-byggdagbokens-nye-utviklingsleder\\\/#article\",\"isPartOf\":{\"@id\":\"https:\\\/\\\/www.byggdagboken.se\\\/no\\\/2024\\\/02\\\/04\\\/mot-byggdagbokens-nye-utviklingsleder\\\/\"},\"author\":{\"name\":\"skoglit\",\"@id\":\"https:\\\/\\\/www.byggdagboken.se\\\/no\\\/#\\\/schema\\\/person\\\/664d5cde37726b3fe4ba8648db22e8c0\"},\"headline\":\"M\u00f8t Byggdagbokens nye utviklingsleder\",\"datePublished\":\"2024-02-04T10:02:29+00:00\",\"dateModified\":\"2026-04-30T09:38:46+00:00\",\"mainEntityOfPage\":{\"@id\":\"https:\\\/\\\/www.byggdagboken.se\\\/no\\\/2024\\\/02\\\/04\\\/mot-byggdagbokens-nye-utviklingsleder\\\/\"},\"wordCount\":370,\"publisher\":{\"@id\":\"https:\\\/\\\/www.byggdagboken.se\\\/no\\\/#organization\"},\"image\":{\"@id\":\"https:\\\/\\\/www.byggdagboken.se\\\/no\\\/2024\\\/02\\\/04\\\/mot-byggdagbokens-nye-utviklingsleder\\\/#primaryimage\"},\"thumbnailUrl\":\"https:\\\/\\\/www.byggdagboken.se\\\/wp-content\\\/uploads\\\/2024\\\/02\\\/Byggdagboken_Valkommen_Mattias_1080x1080px_TOM.png\",\"articleSection\":[\"Nyheter\"],\"inLanguage\":\"nb-NO\"},{\"@type\":\"WebPage\",\"@id\":\"https:\\\/\\\/www.byggdagboken.se\\\/no\\\/2024\\\/02\\\/04\\\/mot-byggdagbokens-nye-utviklingsleder\\\/\",\"url\":\"https:\\\/\\\/www.byggdagboken.se\\\/no\\\/2024\\\/02\\\/04\\\/mot-byggdagbokens-nye-utviklingsleder\\\/\",\"name\":\"M\u00f8t Byggdagbokens nye utviklingsleder - Byggdagboken\",\"isPartOf\":{\"@id\":\"https:\\\/\\\/www.byggdagboken.se\\\/no\\\/#website\"},\"primaryImageOfPage\":{\"@id\":\"https:\\\/\\\/www.byggdagboken.se\\\/no\\\/2024\\\/02\\\/04\\\/mot-byggdagbokens-nye-utviklingsleder\\\/#primaryimage\"},\"image\":{\"@id\":\"https:\\\/\\\/www.byggdagboken.se\\\/no\\\/2024\\\/02\\\/04\\\/mot-byggdagbokens-nye-utviklingsleder\\\/#primaryimage\"},\"thumbnailUrl\":\"https:\\\/\\\/www.byggdagboken.se\\\/wp-content\\\/uploads\\\/2024\\\/02\\\/Byggdagboken_Valkommen_Mattias_1080x1080px_TOM.png\",\"datePublished\":\"2024-02-04T10:02:29+00:00\",\"dateModified\":\"2026-04-30T09:38:46+00:00\",\"breadcrumb\":{\"@id\":\"https:\\\/\\\/www.byggdagboken.se\\\/no\\\/2024\\\/02\\\/04\\\/mot-byggdagbokens-nye-utviklingsleder\\\/#breadcrumb\"},\"inLanguage\":\"nb-NO\",\"potentialAction\":[{\"@type\":\"ReadAction\",\"target\":[\"https:\\\/\\\/www.byggdagboken.se\\\/no\\\/2024\\\/02\\\/04\\\/mot-byggdagbokens-nye-utviklingsleder\\\/\"]}]},{\"@type\":\"ImageObject\",\"inLanguage\":\"nb-NO\",\"@id\":\"https:\\\/\\\/www.byggdagboken.se\\\/no\\\/2024\\\/02\\\/04\\\/mot-byggdagbokens-nye-utviklingsleder\\\/#primaryimage\",\"url\":\"https:\\\/\\\/www.byggdagboken.se\\\/wp-content\\\/uploads\\\/2024\\\/02\\\/Byggdagboken_Valkommen_Mattias_1080x1080px_TOM.png\",\"contentUrl\":\"https:\\\/\\\/www.byggdagboken.se\\\/wp-content\\\/uploads\\\/2024\\\/02\\\/Byggdagboken_Valkommen_Mattias_1080x1080px_TOM.png\",\"width\":960,\"height\":960},{\"@type\":\"BreadcrumbList\",\"@id\":\"https:\\\/\\\/www.byggdagboken.se\\\/no\\\/2024\\\/02\\\/04\\\/mot-byggdagbokens-nye-utviklingsleder\\\/#breadcrumb\",\"itemListElement\":[{\"@type\":\"ListItem\",\"position\":1,\"name\":\"Hem\",\"item\":\"https:\\\/\\\/www.byggdagboken.se\\\/no\\\/startside\\\/\"},{\"@type\":\"ListItem\",\"position\":2,\"name\":\"M\u00f8t Byggdagbokens nye utviklingsleder\"}]},{\"@type\":\"WebSite\",\"@id\":\"https:\\\/\\\/www.byggdagboken.se\\\/no\\\/#website\",\"url\":\"https:\\\/\\\/www.byggdagboken.se\\\/no\\\/\",\"name\":\"Byggdagboken\",\"description\":\"Koll med ett klick\",\"publisher\":{\"@id\":\"https:\\\/\\\/www.byggdagboken.se\\\/no\\\/#organization\"},\"potentialAction\":[{\"@type\":\"SearchAction\",\"target\":{\"@type\":\"EntryPoint\",\"urlTemplate\":\"https:\\\/\\\/www.byggdagboken.se\\\/no\\\/?s={search_term_string}\"},\"query-input\":{\"@type\":\"PropertyValueSpecification\",\"valueRequired\":true,\"valueName\":\"search_term_string\"}}],\"inLanguage\":\"nb-NO\"},{\"@type\":\"Organization\",\"@id\":\"https:\\\/\\\/www.byggdagboken.se\\\/no\\\/#organization\",\"name\":\"Byggdagboken\",\"url\":\"https:\\\/\\\/www.byggdagboken.se\\\/no\\\/\",\"logo\":{\"@type\":\"ImageObject\",\"inLanguage\":\"nb-NO\",\"@id\":\"https:\\\/\\\/www.byggdagboken.se\\\/no\\\/#\\\/schema\\\/logo\\\/image\\\/\",\"url\":\"https:\\\/\\\/www.byggdagboken.se\\\/wp-content\\\/uploads\\\/2025\\\/05\\\/Byggdagboken_Liggande_Shop-1.svg\",\"contentUrl\":\"https:\\\/\\\/www.byggdagboken.se\\\/wp-content\\\/uploads\\\/2025\\\/05\\\/Byggdagboken_Liggande_Shop-1.svg\",\"width\":606,\"height\":179,\"caption\":\"Byggdagboken\"},\"image\":{\"@id\":\"https:\\\/\\\/www.byggdagboken.se\\\/no\\\/#\\\/schema\\\/logo\\\/image\\\/\"}},{\"@type\":\"Person\",\"@id\":\"https:\\\/\\\/www.byggdagboken.se\\\/no\\\/#\\\/schema\\\/person\\\/664d5cde37726b3fe4ba8648db22e8c0\",\"name\":\"skoglit\",\"image\":{\"@type\":\"ImageObject\",\"inLanguage\":\"nb-NO\",\"@id\":\"https:\\\/\\\/secure.gravatar.com\\\/avatar\\\/68381ba1d1aaa126fd26c2497f4cbdf20511abdd2dfdb4ea558a6a0dbc3fed7e?s=96&d=mm&r=g\",\"url\":\"https:\\\/\\\/secure.gravatar.com\\\/avatar\\\/68381ba1d1aaa126fd26c2497f4cbdf20511abdd2dfdb4ea558a6a0dbc3fed7e?s=96&d=mm&r=g\",\"contentUrl\":\"https:\\\/\\\/secure.gravatar.com\\\/avatar\\\/68381ba1d1aaa126fd26c2497f4cbdf20511abdd2dfdb4ea558a6a0dbc3fed7e?s=96&d=mm&r=g\",\"caption\":\"skoglit\"},\"sameAs\":[\"http:\\\/\\\/34.254.254.108\"]}]}<\/script>\n<!-- \/ Yoast SEO plugin. -->","yoast_head_json":{"title":"M\u00f8t Byggdagbokens nye utviklingsleder - Byggdagboken","robots":{"index":"index","follow":"follow","max-snippet":"max-snippet:-1","max-image-preview":"max-image-preview:large","max-video-preview":"max-video-preview:-1"},"canonical":"https:\/\/www.byggdagboken.se\/no\/2024\/02\/04\/mot-byggdagbokens-nye-utviklingsleder\/","og_locale":"nb_NO","og_type":"article","og_title":"M\u00f8t Byggdagbokens nye utviklingsleder - Byggdagboken","og_description":"Hei Mattias Tysk, hva gjorde deg interessert i rollen som v\u00e5r nye CTO\/utviklingsleder?\u2013 For ca. tre \u00e5r siden flyttet jeg med kone og barn opp til Ljusdal fra Stockholm. Jeg fikk raskt en sterk f\u00f8lelse av fellesskap ved \u00e5 bo i en mindre by og et \u00f8nske om \u00e5 gi noe tilbake. S\u00e5 da Christian [&hellip;]","og_url":"https:\/\/www.byggdagboken.se\/no\/2024\/02\/04\/mot-byggdagbokens-nye-utviklingsleder\/","og_site_name":"Byggdagboken","article_published_time":"2024-02-04T10:02:29+00:00","article_modified_time":"2026-04-30T09:38:46+00:00","og_image":[{"width":960,"height":960,"url":"https:\/\/www.byggdagboken.se\/wp-content\/uploads\/2024\/02\/Byggdagboken_Valkommen_Mattias_1080x1080px_TOM.png","type":"image\/png"}],"author":"skoglit","twitter_card":"summary_large_image","twitter_misc":{"Skrevet av":"skoglit","Ansl. lesetid":"2 minutter"},"schema":{"@context":"https:\/\/schema.org","@graph":[{"@type":"Article","@id":"https:\/\/www.byggdagboken.se\/no\/2024\/02\/04\/mot-byggdagbokens-nye-utviklingsleder\/#article","isPartOf":{"@id":"https:\/\/www.byggdagboken.se\/no\/2024\/02\/04\/mot-byggdagbokens-nye-utviklingsleder\/"},"author":{"name":"skoglit","@id":"https:\/\/www.byggdagboken.se\/no\/#\/schema\/person\/664d5cde37726b3fe4ba8648db22e8c0"},"headline":"M\u00f8t Byggdagbokens nye utviklingsleder","datePublished":"2024-02-04T10:02:29+00:00","dateModified":"2026-04-30T09:38:46+00:00","mainEntityOfPage":{"@id":"https:\/\/www.byggdagboken.se\/no\/2024\/02\/04\/mot-byggdagbokens-nye-utviklingsleder\/"},"wordCount":370,"publisher":{"@id":"https:\/\/www.byggdagboken.se\/no\/#organization"},"image":{"@id":"https:\/\/www.byggdagboken.se\/no\/2024\/02\/04\/mot-byggdagbokens-nye-utviklingsleder\/#primaryimage"},"thumbnailUrl":"https:\/\/www.byggdagboken.se\/wp-content\/uploads\/2024\/02\/Byggdagboken_Valkommen_Mattias_1080x1080px_TOM.png","articleSection":["Nyheter"],"inLanguage":"nb-NO"},{"@type":"WebPage","@id":"https:\/\/www.byggdagboken.se\/no\/2024\/02\/04\/mot-byggdagbokens-nye-utviklingsleder\/","url":"https:\/\/www.byggdagboken.se\/no\/2024\/02\/04\/mot-byggdagbokens-nye-utviklingsleder\/","name":"M\u00f8t Byggdagbokens nye utviklingsleder - Byggdagboken","isPartOf":{"@id":"https:\/\/www.byggdagboken.se\/no\/#website"},"primaryImageOfPage":{"@id":"https:\/\/www.byggdagboken.se\/no\/2024\/02\/04\/mot-byggdagbokens-nye-utviklingsleder\/#primaryimage"},"image":{"@id":"https:\/\/www.byggdagboken.se\/no\/2024\/02\/04\/mot-byggdagbokens-nye-utviklingsleder\/#primaryimage"},"thumbnailUrl":"https:\/\/www.byggdagboken.se\/wp-content\/uploads\/2024\/02\/Byggdagboken_Valkommen_Mattias_1080x1080px_TOM.png","datePublished":"2024-02-04T10:02:29+00:00","dateModified":"2026-04-30T09:38:46+00:00","breadcrumb":{"@id":"https:\/\/www.byggdagboken.se\/no\/2024\/02\/04\/mot-byggdagbokens-nye-utviklingsleder\/#breadcrumb"},"inLanguage":"nb-NO","potentialAction":[{"@type":"ReadAction","target":["https:\/\/www.byggdagboken.se\/no\/2024\/02\/04\/mot-byggdagbokens-nye-utviklingsleder\/"]}]},{"@type":"ImageObject","inLanguage":"nb-NO","@id":"https:\/\/www.byggdagboken.se\/no\/2024\/02\/04\/mot-byggdagbokens-nye-utviklingsleder\/#primaryimage","url":"https:\/\/www.byggdagboken.se\/wp-content\/uploads\/2024\/02\/Byggdagboken_Valkommen_Mattias_1080x1080px_TOM.png","contentUrl":"https:\/\/www.byggdagboken.se\/wp-content\/uploads\/2024\/02\/Byggdagboken_Valkommen_Mattias_1080x1080px_TOM.png","width":960,"height":960},{"@type":"BreadcrumbList","@id":"https:\/\/www.byggdagboken.se\/no\/2024\/02\/04\/mot-byggdagbokens-nye-utviklingsleder\/#breadcrumb","itemListElement":[{"@type":"ListItem","position":1,"name":"Hem","item":"https:\/\/www.byggdagboken.se\/no\/startside\/"},{"@type":"ListItem","position":2,"name":"M\u00f8t Byggdagbokens nye utviklingsleder"}]},{"@type":"WebSite","@id":"https:\/\/www.byggdagboken.se\/no\/#website","url":"https:\/\/www.byggdagboken.se\/no\/","name":"Byggdagboken","description":"Koll med ett klick","publisher":{"@id":"https:\/\/www.byggdagboken.se\/no\/#organization"},"potentialAction":[{"@type":"SearchAction","target":{"@type":"EntryPoint","urlTemplate":"https:\/\/www.byggdagboken.se\/no\/?s={search_term_string}"},"query-input":{"@type":"PropertyValueSpecification","valueRequired":true,"valueName":"search_term_string"}}],"inLanguage":"nb-NO"},{"@type":"Organization","@id":"https:\/\/www.byggdagboken.se\/no\/#organization","name":"Byggdagboken","url":"https:\/\/www.byggdagboken.se\/no\/","logo":{"@type":"ImageObject","inLanguage":"nb-NO","@id":"https:\/\/www.byggdagboken.se\/no\/#\/schema\/logo\/image\/","url":"https:\/\/www.byggdagboken.se\/wp-content\/uploads\/2025\/05\/Byggdagboken_Liggande_Shop-1.svg","contentUrl":"https:\/\/www.byggdagboken.se\/wp-content\/uploads\/2025\/05\/Byggdagboken_Liggande_Shop-1.svg","width":606,"height":179,"caption":"Byggdagboken"},"image":{"@id":"https:\/\/www.byggdagboken.se\/no\/#\/schema\/logo\/image\/"}},{"@type":"Person","@id":"https:\/\/www.byggdagboken.se\/no\/#\/schema\/person\/664d5cde37726b3fe4ba8648db22e8c0","name":"skoglit","image":{"@type":"ImageObject","inLanguage":"nb-NO","@id":"https:\/\/secure.gravatar.com\/avatar\/68381ba1d1aaa126fd26c2497f4cbdf20511abdd2dfdb4ea558a6a0dbc3fed7e?s=96&d=mm&r=g","url":"https:\/\/secure.gravatar.com\/avatar\/68381ba1d1aaa126fd26c2497f4cbdf20511abdd2dfdb4ea558a6a0dbc3fed7e?s=96&d=mm&r=g","contentUrl":"https:\/\/secure.gravatar.com\/avatar\/68381ba1d1aaa126fd26c2497f4cbdf20511abdd2dfdb4ea558a6a0dbc3fed7e?s=96&d=mm&r=g","caption":"skoglit"},"sameAs":["http:\/\/34.254.254.108"]}]}},"_links":{"self":[{"href":"https:\/\/www.byggdagboken.se\/no\/wp-json\/wp\/v2\/posts\/11045","targetHints":{"allow":["GET"]}}],"collection":[{"href":"https:\/\/www.byggdagboken.se\/no\/wp-json\/wp\/v2\/posts"}],"about":[{"href":"https:\/\/www.byggdagboken.se\/no\/wp-json\/wp\/v2\/types\/post"}],"author":[{"embeddable":true,"href":"https:\/\/www.byggdagboken.se\/no\/wp-json\/wp\/v2\/users\/1"}],"replies":[{"embeddable":true,"href":"https:\/\/www.byggdagboken.se\/no\/wp-json\/wp\/v2\/comments?post=11045"}],"version-history":[{"count":1,"href":"https:\/\/www.byggdagboken.se\/no\/wp-json\/wp\/v2\/posts\/11045\/revisions"}],"predecessor-version":[{"id":11047,"href":"https:\/\/www.byggdagboken.se\/no\/wp-json\/wp\/v2\/posts\/11045\/revisions\/11047"}],"wp:featuredmedia":[{"embeddable":true,"href":"https:\/\/www.byggdagboken.se\/no\/wp-json\/wp\/v2\/media\/11046"}],"wp:attachment":[{"href":"https:\/\/www.byggdagboken.se\/no\/wp-json\/wp\/v2\/media?parent=11045"}],"wp:term":[{"taxonomy":"category","embeddable":true,"href":"https:\/\/www.byggdagboken.se\/no\/wp-json\/wp\/v2\/categories?post=11045"},{"taxonomy":"post_tag","embeddable":true,"href":"https:\/\/www.byggdagboken.se\/no\/wp-json\/wp\/v2\/tags?post=11045"}],"curies":[{"name":"wp","href":"https:\/\/api.w.org\/{rel}","templated":true}]}}